{"id":2155,"date":"2021-06-24T11:47:15","date_gmt":"2021-06-24T09:47:15","guid":{"rendered":"http:\/\/notredamedestremy.be\/?p=2155"},"modified":"2021-06-24T11:57:35","modified_gmt":"2021-06-24T09:57:35","slug":"cuisine-en-cycle-5-8","status":"publish","type":"post","link":"https:\/\/notredamedestremy.be\/?p=2155","title":{"rendered":"Cuisine en cycle 5\/8"},"content":{"rendered":"\n<p>Pendant la matin\u00e9e des M3 en premi\u00e8re ann\u00e9e, les maternelles et les P2 ont pr\u00e9par\u00e9 des cakes <img decoding=\"async\" loading=\"lazy\" alt=\"\ud83d\udc68\u200d\ud83c\udf73\" src=\"https:\/\/static.xx.fbcdn.net\/images\/emoji.php\/v9\/t74\/1\/16\/1f468_200d_1f373.png\" width=\"16\" height=\"16\">pour le cycle 5-8.<\/p>\n\n\n\n<div class=\"wp-block-columns is-layout-flex wp-container-4\">\n<div class=\"wp-block-column is-layout-flow\">\n<figure class=\"wp-block-image size-large\"><img decoding=\"async\" loading=\"lazy\" width=\"768\" height=\"1024\" src=\"http:\/\/notredamedestremy.be\/wp-content\/uploads\/2021\/06\/197406762_878511139681094_5675041414173739110_n-768x1024.jpg\" alt=\"\" class=\"wp-image-2156\" srcset=\"https:\/\/notredamedestremy.be\/wp-content\/uploads\/2021\/06\/197406762_878511139681094_5675041414173739110_n-768x1024.jpg 768w, https:\/\/notredamedestremy.be\/wp-content\/uploads\/2021\/06\/197406762_878511139681094_5675041414173739110_n-225x300.jpg 225w, https:\/\/notredamedestremy.be\/wp-content\/uploads\/2021\/06\/197406762_878511139681094_5675041414173739110_n-1152x1536.jpg 1152w, https:\/\/notredamedestremy.be\/wp-content\/uploads\/2021\/06\/197406762_878511139681094_5675041414173739110_n.jpg 1536w\" sizes=\"(max-width: 706px) 89vw, (max-width: 767px) 82vw, 740px\" \/><\/figure>\n<\/div>\n\n\n\n<div class=\"wp-block-column is-layout-flow\">\n<figure class=\"wp-block-image size-large\"><img decoding=\"async\" loading=\"lazy\" width=\"768\" height=\"1024\" src=\"http:\/\/notredamedestremy.be\/wp-content\/uploads\/2021\/06\/200724653_497430234646795_5313132108713138397_n-768x1024.jpg\" alt=\"\" class=\"wp-image-2157\" srcset=\"https:\/\/notredamedestremy.be\/wp-content\/uploads\/2021\/06\/200724653_497430234646795_5313132108713138397_n-768x1024.jpg 768w, https:\/\/notredamedestremy.be\/wp-content\/uploads\/2021\/06\/200724653_497430234646795_5313132108713138397_n-225x300.jpg 225w, https:\/\/notredamedestremy.be\/wp-content\/uploads\/2021\/06\/200724653_497430234646795_5313132108713138397_n-1152x1536.jpg 1152w, https:\/\/notredamedestremy.be\/wp-content\/uploads\/2021\/06\/200724653_497430234646795_5313132108713138397_n.jpg 1536w\" sizes=\"(max-width: 706px) 89vw, (max-width: 767px) 82vw, 740px\" \/><\/figure>\n<\/div>\n\n\n\n<div class=\"wp-block-column is-layout-flow\">\n<figure class=\"wp-block-image size-large\"><img decoding=\"async\" loading=\"lazy\" width=\"768\" height=\"1024\" src=\"http:\/\/notredamedestremy.be\/wp-content\/uploads\/2021\/06\/198818998_312653980514317_1872820558711298798_n-768x1024.jpg\" alt=\"\" class=\"wp-image-2158\" srcset=\"https:\/\/notredamedestremy.be\/wp-content\/uploads\/2021\/06\/198818998_312653980514317_1872820558711298798_n-768x1024.jpg 768w, https:\/\/notredamedestremy.be\/wp-content\/uploads\/2021\/06\/198818998_312653980514317_1872820558711298798_n-225x300.jpg 225w, https:\/\/notredamedestremy.be\/wp-content\/uploads\/2021\/06\/198818998_312653980514317_1872820558711298798_n-1152x1536.jpg 1152w, https:\/\/notredamedestremy.be\/wp-content\/uploads\/2021\/06\/198818998_312653980514317_1872820558711298798_n.jpg 1536w\" sizes=\"(max-width: 706px) 89vw, (max-width: 767px) 82vw, 740px\" \/><\/figure>\n<\/div>\n<\/div>\n\n\n\n<div class=\"wp-block-columns is-layout-flex wp-container-7\">\n<div class=\"wp-block-column is-layout-flow\">\n<figure class=\"wp-block-image size-large\"><img decoding=\"async\" loading=\"lazy\" width=\"1024\" height=\"768\" src=\"http:\/\/notredamedestremy.be\/wp-content\/uploads\/2021\/06\/197247067_905638990018576_4308363373896551070_n-2-1024x768.jpg\" alt=\"\" class=\"wp-image-2165\" srcset=\"https:\/\/notredamedestremy.be\/wp-content\/uploads\/2021\/06\/197247067_905638990018576_4308363373896551070_n-2-1024x768.jpg 1024w, https:\/\/notredamedestremy.be\/wp-content\/uploads\/2021\/06\/197247067_905638990018576_4308363373896551070_n-2-300x225.jpg 300w, https:\/\/notredamedestremy.be\/wp-content\/uploads\/2021\/06\/197247067_905638990018576_4308363373896551070_n-2-768x576.jpg 768w, https:\/\/notredamedestremy.be\/wp-content\/uploads\/2021\/06\/197247067_905638990018576_4308363373896551070_n-2-1536x1152.jpg 1536w, https:\/\/notredamedestremy.be\/wp-content\/uploads\/2021\/06\/197247067_905638990018576_4308363373896551070_n-2.jpg 2048w\" sizes=\"(max-width: 706px) 89vw, (max-width: 767px) 82vw, 740px\" \/><\/figure>\n<\/div>\n\n\n\n<div class=\"wp-block-column is-layout-flow\">\n<figure class=\"wp-block-image size-large is-resized\"><img decoding=\"async\" loading=\"lazy\" src=\"http:\/\/notredamedestremy.be\/wp-content\/uploads\/2021\/06\/197739619_233456648340750_4437605896870785240_n-1-1024x566.jpg\" alt=\"\" class=\"wp-image-2166\" width=\"437\" height=\"241\" srcset=\"https:\/\/notredamedestremy.be\/wp-content\/uploads\/2021\/06\/197739619_233456648340750_4437605896870785240_n-1-1024x566.jpg 1024w, https:\/\/notredamedestremy.be\/wp-content\/uploads\/2021\/06\/197739619_233456648340750_4437605896870785240_n-1-300x166.jpg 300w, https:\/\/notredamedestremy.be\/wp-content\/uploads\/2021\/06\/197739619_233456648340750_4437605896870785240_n-1-768x424.jpg 768w, https:\/\/notredamedestremy.be\/wp-content\/uploads\/2021\/06\/197739619_233456648340750_4437605896870785240_n-1-rotated.jpg 1245w\" sizes=\"(max-width: 437px) 100vw, 437px\" \/><\/figure>\n<\/div>\n<\/div>\n","protected":false},"excerpt":{"rendered":"<p>Pendant la matin\u00e9e des M3 en premi\u00e8re ann\u00e9e, les maternelles et les P2 ont pr\u00e9par\u00e9 des cakes pour le cycle 5-8.<\/p>\n","protected":false},"author":1,"featured_media":0,"comment_status":"open","ping_status":"open","sticky":false,"template":"","format":"standard","meta":{"ngg_post_thumbnail":0},"categories":[1],"tags":[],"_links":{"self":[{"href":"https:\/\/notredamedestremy.be\/index.php?rest_route=\/wp\/v2\/posts\/2155"}],"collection":[{"href":"https:\/\/notredamedestremy.be\/index.php?rest_route=\/wp\/v2\/posts"}],"about":[{"href":"https:\/\/notredamedestremy.be\/index.php?rest_route=\/wp\/v2\/types\/post"}],"author":[{"embeddable":true,"href":"https:\/\/notredamedestremy.be\/index.php?rest_route=\/wp\/v2\/users\/1"}],"replies":[{"embeddable":true,"href":"https:\/\/notredamedestremy.be\/index.php?rest_route=%2Fwp%2Fv2%2Fcomments&post=2155"}],"version-history":[{"count":4,"href":"https:\/\/notredamedestremy.be\/index.php?rest_route=\/wp\/v2\/posts\/2155\/revisions"}],"predecessor-version":[{"id":2168,"href":"https:\/\/notredamedestremy.be\/index.php?rest_route=\/wp\/v2\/posts\/2155\/revisions\/2168"}],"wp:attachment":[{"href":"https:\/\/notredamedestremy.be\/index.php?rest_route=%2Fwp%2Fv2%2Fmedia&parent=2155"}],"wp:term":[{"taxonomy":"category","embeddable":true,"href":"https:\/\/notredamedestremy.be\/index.php?rest_route=%2Fwp%2Fv2%2Fcategories&post=2155"},{"taxonomy":"post_tag","embeddable":true,"href":"https:\/\/notredamedestremy.be\/index.php?rest_route=%2Fwp%2Fv2%2Ftags&post=2155"}],"curies":[{"name":"wp","href":"https:\/\/api.w.org\/{rel}","templated":true}]}}