{"id":2596,"date":"2021-11-12T09:05:44","date_gmt":"2021-11-12T08:05:44","guid":{"rendered":"http:\/\/notredamedestremy.be\/?p=2596"},"modified":"2021-11-12T09:05:44","modified_gmt":"2021-11-12T08:05:44","slug":"visite-du-fort-de-barchon","status":"publish","type":"post","link":"https:\/\/notredamedestremy.be\/?p=2596","title":{"rendered":"Visite du Fort de Barchon"},"content":{"rendered":"\n<p>Pour aller visiter le fort de Barchon &nbsp;les \u00e9l\u00e8ves du degr\u00e9 moyen et du degr\u00e9 sup\u00e9rieur ont pris le bus.<\/p>\n\n\n\n<p>Au d\u00e9but de la visite, le guide a montr\u00e9 des obus de l\u2019\u00e9poque et diff\u00e9rentes armes.<\/p>\n\n\n\n<p>Nous l\u2019avons bien \u00e9cout\u00e9.<\/p>\n\n\n\n<p>Nous avons appris qu\u2019un autre fort a explos\u00e9 \u00e0 cause&nbsp; du canon \u00ab\u00a0la Grosse Bertha\u00a0\u00bb.<\/p>\n\n\n\n<p>Ensuite, nous y sommes entr\u00e9s.<\/p>\n\n\n\n<p>Le guide nous a donn\u00e9 beaucoup d\u2019explications sur le fonctionnement du fort en 1914 (air, moteur, vie des soldats,\u2026).<\/p>\n\n\n\n<p>Nous avons termin\u00e9 la visite par le glacis du fort.<\/p>\n\n\n\n<p>Pour terminer, nous avons effectu\u00e9 une marche pour revenir \u00e0 l\u2019\u00e9cole.<\/p>\n\n\n\n<p>Une belle matin\u00e9e pour comm\u00e9morer le souvenir du 11 novembre !<\/p>\n\n\n\n<div class=\"wp-block-columns is-layout-flex wp-container-3\">\n<div class=\"wp-block-column is-layout-flow\">\n<figure class=\"wp-block-image size-large is-resized\"><img decoding=\"async\" loading=\"lazy\" src=\"http:\/\/notredamedestremy.be\/wp-content\/uploads\/2021\/11\/20211108_095221-1024x576.jpg\" alt=\"\" class=\"wp-image-2597\" width=\"441\" height=\"248\" srcset=\"https:\/\/notredamedestremy.be\/wp-content\/uploads\/2021\/11\/20211108_095221-1024x576.jpg 1024w, https:\/\/notredamedestremy.be\/wp-content\/uploads\/2021\/11\/20211108_095221-300x169.jpg 300w, https:\/\/notredamedestremy.be\/wp-content\/uploads\/2021\/11\/20211108_095221-768x432.jpg 768w, https:\/\/notredamedestremy.be\/wp-content\/uploads\/2021\/11\/20211108_095221-1536x864.jpg 1536w, https:\/\/notredamedestremy.be\/wp-content\/uploads\/2021\/11\/20211108_095221-2048x1152.jpg 2048w\" sizes=\"(max-width: 441px) 100vw, 441px\" \/><\/figure>\n<\/div>\n\n\n\n<div class=\"wp-block-column is-layout-flow\">\n<figure class=\"wp-block-image size-large is-resized\"><img decoding=\"async\" loading=\"lazy\" src=\"http:\/\/notredamedestremy.be\/wp-content\/uploads\/2021\/11\/IMG_4074-1024x768.jpg\" alt=\"\" class=\"wp-image-2598\" width=\"286\" height=\"213\"\/><\/figure>\n<\/div>\n<\/div>\n\n\n\n<div class=\"wp-block-columns is-layout-flex wp-container-6\">\n<div class=\"wp-block-column is-layout-flow\">\n<figure class=\"wp-block-image size-large\"><img decoding=\"async\" loading=\"lazy\" width=\"768\" height=\"1024\" src=\"http:\/\/notredamedestremy.be\/wp-content\/uploads\/2021\/11\/IMG_4073-768x1024.jpg\" alt=\"\" class=\"wp-image-2604\" srcset=\"https:\/\/notredamedestremy.be\/wp-content\/uploads\/2021\/11\/IMG_4073-768x1024.jpg 768w, https:\/\/notredamedestremy.be\/wp-content\/uploads\/2021\/11\/IMG_4073-225x300.jpg 225w, https:\/\/notredamedestremy.be\/wp-content\/uploads\/2021\/11\/IMG_4073-1152x1536.jpg 1152w, https:\/\/notredamedestremy.be\/wp-content\/uploads\/2021\/11\/IMG_4073-1536x2048.jpg 1536w, https:\/\/notredamedestremy.be\/wp-content\/uploads\/2021\/11\/IMG_4073-scaled.jpg 1920w\" sizes=\"(max-width: 706px) 89vw, (max-width: 767px) 82vw, 740px\" \/><\/figure>\n<\/div>\n\n\n\n<div class=\"wp-block-column is-layout-flow\">\n<figure class=\"wp-block-image size-large\"><img decoding=\"async\" loading=\"lazy\" width=\"768\" height=\"1024\" src=\"http:\/\/notredamedestremy.be\/wp-content\/uploads\/2021\/11\/IMG_4077-768x1024.jpg\" alt=\"\" class=\"wp-image-2605\" srcset=\"https:\/\/notredamedestremy.be\/wp-content\/uploads\/2021\/11\/IMG_4077-768x1024.jpg 768w, https:\/\/notredamedestremy.be\/wp-content\/uploads\/2021\/11\/IMG_4077-225x300.jpg 225w, https:\/\/notredamedestremy.be\/wp-content\/uploads\/2021\/11\/IMG_4077-1152x1536.jpg 1152w, https:\/\/notredamedestremy.be\/wp-content\/uploads\/2021\/11\/IMG_4077-1536x2048.jpg 1536w, https:\/\/notredamedestremy.be\/wp-content\/uploads\/2021\/11\/IMG_4077-scaled.jpg 1920w\" sizes=\"(max-width: 706px) 89vw, (max-width: 767px) 82vw, 740px\" \/><\/figure>\n<\/div>\n<\/div>\n\n\n\n<figure class=\"wp-block-image size-large\"><img decoding=\"async\" loading=\"lazy\" width=\"1024\" height=\"732\" src=\"http:\/\/notredamedestremy.be\/wp-content\/uploads\/2021\/11\/20211108_105455-1024x732.jpg\" alt=\"\" class=\"wp-image-2606\" srcset=\"https:\/\/notredamedestremy.be\/wp-content\/uploads\/2021\/11\/20211108_105455-1024x732.jpg 1024w, https:\/\/notredamedestremy.be\/wp-content\/uploads\/2021\/11\/20211108_105455-300x214.jpg 300w, https:\/\/notredamedestremy.be\/wp-content\/uploads\/2021\/11\/20211108_105455-768x549.jpg 768w, https:\/\/notredamedestremy.be\/wp-content\/uploads\/2021\/11\/20211108_105455.jpg 1238w\" sizes=\"(max-width: 706px) 89vw, (max-width: 767px) 82vw, 740px\" \/><\/figure>\n","protected":false},"excerpt":{"rendered":"<p>Pour aller visiter le fort de Barchon &nbsp;les \u00e9l\u00e8ves du degr\u00e9 moyen et du degr\u00e9 sup\u00e9rieur ont pris le bus. Au d\u00e9but de la visite, le guide a montr\u00e9 des obus de l\u2019\u00e9poque et diff\u00e9rentes armes. Nous l\u2019avons bien \u00e9cout\u00e9. Nous avons appris qu\u2019un autre fort a explos\u00e9 \u00e0 cause&nbsp; du canon \u00ab\u00a0la Grosse Bertha\u00a0\u00bb. &hellip; <\/p>\n<p class=\"link-more\"><a href=\"https:\/\/notredamedestremy.be\/?p=2596\" class=\"more-link\">Continuer la lecture<span class=\"screen-reader-text\"> de &laquo;&nbsp;Visite du Fort de Barchon&nbsp;&raquo;<\/span><\/a><\/p>\n","protected":false},"author":1,"featured_media":0,"comment_status":"open","ping_status":"open","sticky":false,"template":"","format":"standard","meta":{"ngg_post_thumbnail":0},"categories":[1],"tags":[],"_links":{"self":[{"href":"https:\/\/notredamedestremy.be\/index.php?rest_route=\/wp\/v2\/posts\/2596"}],"collection":[{"href":"https:\/\/notredamedestremy.be\/index.php?rest_route=\/wp\/v2\/posts"}],"about":[{"href":"https:\/\/notredamedestremy.be\/index.php?rest_route=\/wp\/v2\/types\/post"}],"author":[{"embeddable":true,"href":"https:\/\/notredamedestremy.be\/index.php?rest_route=\/wp\/v2\/users\/1"}],"replies":[{"embeddable":true,"href":"https:\/\/notredamedestremy.be\/index.php?rest_route=%2Fwp%2Fv2%2Fcomments&post=2596"}],"version-history":[{"count":6,"href":"https:\/\/notredamedestremy.be\/index.php?rest_route=\/wp\/v2\/posts\/2596\/revisions"}],"predecessor-version":[{"id":2607,"href":"https:\/\/notredamedestremy.be\/index.php?rest_route=\/wp\/v2\/posts\/2596\/revisions\/2607"}],"wp:attachment":[{"href":"https:\/\/notredamedestremy.be\/index.php?rest_route=%2Fwp%2Fv2%2Fmedia&parent=2596"}],"wp:term":[{"taxonomy":"category","embeddable":true,"href":"https:\/\/notredamedestremy.be\/index.php?rest_route=%2Fwp%2Fv2%2Fcategories&post=2596"},{"taxonomy":"post_tag","embeddable":true,"href":"https:\/\/notredamedestremy.be\/index.php?rest_route=%2Fwp%2Fv2%2Ftags&post=2596"}],"curies":[{"name":"wp","href":"https:\/\/api.w.org\/{rel}","templated":true}]}}